{"id":974,"date":"2022-04-01T07:00:00","date_gmt":"2022-04-01T10:00:00","guid":{"rendered":"https:\/\/sinepe-rs.org.br\/educacaoempauta\/?p=974"},"modified":"2022-04-26T15:34:13","modified_gmt":"2022-04-26T18:34:13","slug":"a-escola-nao-pode-substituir-a-familia-mas-pode-ser-uma-grande-parceira-diz-isabel-parolin","status":"publish","type":"post","link":"https:\/\/sinepe-rs.org.br\/educacaoempauta\/com-a-palavra\/a-escola-nao-pode-substituir-a-familia-mas-pode-ser-uma-grande-parceira-diz-isabel-parolin\/","title":{"rendered":"\u201cA escola n\u00e3o pode substituir a fam\u00edlia, mas pode ser uma grande parceira\u201d, diz Isabel Parolin"},"content":{"rendered":"\n<p><em>A pandemia criou v\u00e1rios obst\u00e1culos, por\u00e9m trouxe grandes aprendizados e&nbsp; uma maior valoriza\u00e7\u00e3o em rela\u00e7\u00e3o ao trabalho desempenhado pelos professores e \u00e0s necessidades de melhor acolhimento em todos envolvidos no ambiente escolar: alunos, mestres, fam\u00edlias e gestores. <strong>Educa\u00e7\u00e3o em Pauta <\/strong>entrevistou a psicopedagoga Isabel Parolin, profissional com grande experi\u00eancia na \u00e1rea de educa\u00e7\u00e3o, com \u00eanfase em Psicopedagogia e atua\u00e7\u00e3o em aprendizagem, escola, fam\u00edlia e limites.&nbsp;<\/em><\/p>\n\n\n\n<p><em>Confira, a seguir, os principais trechos da entrevista.<\/em><\/p>\n\n\n\n<p><strong>Educa\u00e7\u00e3o em Pauta \u2013 O acolhimento escolar: o que \u00e9 e como funciona?<\/strong><\/p>\n\n\n\n<p><strong>Isabel Parolin \u2013 <\/strong>A origem do acolhimento vem de receber, hospedar ou agasalhar algu\u00e9m, no entanto \u00e9 um ato epis\u00f3dico, \u00e9 como dar um \u201coi\u201d. Se voc\u00ea pensar assim, todo mundo acolhe. Agora, existe um conceito de acolhimento mais elaborado, que se refere em uma outra seara, a ser realizado no plano escolar. Eu costumo dizer que<strong> o acolhimento e o cuidado s\u00e3o primas-irm\u00e3s, porque se colocam a servi\u00e7o do outro e promovem respostas adequadas \u00e0s necessidades de quem est\u00e1 precisando.<\/strong><\/p>\n\n\n\n<p><strong>Um conceito do Leonardo Boff (<\/strong><strong><em>te\u00f3logo<\/em><\/strong><strong>)<\/strong>, que eu adoro, \u00e9 de que cuidar \u00e9 mais que um ato ou uma atitude, representa um momento de zelo ou deszelo, ou seja, n\u00e3o \u00e9 epis\u00f3dico. \u00c9 uma atitude de ocupa\u00e7\u00e3o, preocupa\u00e7\u00e3o, responsabilidade e envolvimento afetivo com o outro.<\/p>\n\n\n\n<p>\u00c9 se colocar na escuta para ter disponibilidade para acolher o outro, \u00e9 uma hospedagem. Hospedar \u00e9 trazer ao meu campo, o que tem a oferecer, mas de acordo com a necessidade da pessoa.<\/p>\n\n\n\n<p><strong>O que os gestores devem fazer para acolher os professores?<\/strong><\/p>\n\n\n\n<p>\u00c9 entender o que o professor precisa. Um exemplo s\u00e3o os docentes que passaram, praticamente, dois anos em casa, mas sempre em uma situa\u00e7\u00e3o tempor\u00e1ria. N\u00e3o sabiam quando iam voltar, uma nova cepa pode afetar tudo, enfim, v\u00e1rias situa\u00e7\u00f5es. \u00c9 verificar quais s\u00e3o as suas necessidades. S\u00e3o seres humanos e, em alguns casos, houve perdas de pessoas pr\u00f3ximas, bem como tiveram que se adaptar ao ensino on-line.&nbsp;<\/p>\n\n\n\n<p>Os gestores precisam oportunizar um espa\u00e7o na escola para que os professores falem das suas perdas, dos seus medos. Sei de muitos casos de docentes que realizaram aulas com filhos no colo ou uma situa\u00e7\u00e3o muito dif\u00edcil. Tamb\u00e9m houve momentos em que faleceram parentes e amigos dos professores e a diretoria da escola n\u00e3o sabia. Ter esse espa\u00e7o de acolhimento permite que isso seja transmitido aos alunos. Esse \u00e9 o conceito de acolhimento, trazer respostas adequadas e eficientes. \u00c9 trabalhar dimens\u00f5es sens\u00edveis e espirituais.&nbsp;<\/p>\n\n\n\n<p>Essa atividade de conversa com o professor n\u00e3o pode ser epis\u00f3dica, somente na semana pedag\u00f3gica. \u00c9 importante que aconte\u00e7a durante o ano, dar a oportunidade de eles contarem como est\u00e3o, se est\u00e3o dando conta ou n\u00e3o em seus trabalhos. Acredito que a dire\u00e7\u00e3o tem esse papel de cuidar, produzir e ter esse zelo.<\/p>\n\n\n\n<p>Recentemente, acabei de atender a um professor que perdeu o pai e a m\u00e3e durante a pandemia. Ele morava em Salvador e se mudou para Curitiba, cidades bem diferentes. Como acolher algu\u00e9m que est\u00e1 muito triste? A escuta \u00e9 um processo de humaniza\u00e7\u00e3o.&nbsp;<\/p>\n\n\n\n<p><strong>Como o professor faz essa transfer\u00eancia de acolhimento aos alunos?<\/strong><\/p>\n\n\n\n<p>Antes de tudo,<strong> <\/strong>\u00e9 reconhecer o protagonismo do aluno. Eu s\u00f3 consigo reconhecer se j\u00e1 fui protagonista de ang\u00fastias e emo\u00e7\u00f5es. \u00c9 a busca desses espa\u00e7os de protagonismo do aluno, desde que eu traga esse acolhimento para mim. Saber partilhar, descobrir o que est\u00e3o guardando. Desta maneira, suscita emo\u00e7\u00e3o.<\/p>\n\n\n\n<p>O acolhimento \u00e9 como uma categoria no planejamento. E como fazer? \u00c9 uma cadeia: a conversa entre a dire\u00e7\u00e3o e professores e, posteriormente, docentes e alunos, como tamb\u00e9m com os seus familiares. \u00c9 criar um v\u00ednculo de reciprocidade, de confian\u00e7a.&nbsp;<\/p>\n\n\n\n<p>Como formas de acolhimento, as escolas realizam rodas de conversa com as crian\u00e7as, \u00e9 um momento para contar o que est\u00e3o sentindo. Esse momento de acolhimento pode ser n\u00e3o verbal, se expressar por desenho, trabalho pl\u00e1stico, escolher uma miniatura que se parece como se sente atualmente. Caso sejam mais t\u00edmidos, eu costumo usar uma caixa de bonequinhos e as crian\u00e7as se comunicam por meio deles, \u00e9 usar um elemento intermedi\u00e1rio. Existem diversas t\u00e9cnicas, o importante \u00e9 ter intencionalidade. V\u00e3o gerar um plano e produzir acolhimento afetivo, escuta e aten\u00e7\u00e3o qualificada. Assim, \u00e9 poss\u00edvel perceber o que a crian\u00e7a est\u00e1 sentindo, porque a aprendizagem s\u00f3 \u00e9 poss\u00edvel em uma temperatura e tons adequados. Mesmo caso dos professores, se n\u00e3o estiverem bem por algum motivo, n\u00e3o v\u00e3o produzir corretamente. Isso \u00e9 muito importante, \u00e9 a base curricular, a pr\u00f3pria Unesco prev\u00ea isso.&nbsp;<\/p>\n\n\n\n<figure class=\"wp-block-pullquote\" style=\"font-size:12px\"><blockquote><p>O espa\u00e7o de escuta se d\u00e1 em conversa. \u00c9 um momento bacana na escola e \u00e9 preciso que aconte\u00e7a em um campo relaxado e prazeroso.<\/p><cite>  <\/cite><\/blockquote><\/figure>\n\n\n\n<p><\/p>\n\n\n\n<figure class=\"wp-block-embed is-type-rich is-provider-spotify wp-block-embed-spotify wp-embed-aspect-21-9 wp-has-aspect-ratio\"><div class=\"wp-block-embed__wrapper\">\n<iframe title=\"Spotify Embed: Escolas acolhem alunos depois do longo isolamento social\" style=\"border-radius: 12px\" width=\"100%\" height=\"152\" frameborder=\"0\" allowfullscreen allow=\"autoplay; clipboard-write; encrypted-media; fullscreen; picture-in-picture\" loading=\"lazy\" src=\"https:\/\/open.spotify.com\/embed\/episode\/4v1M4ECHVesLxPqW5Td4vG?utm_source=oembed\"><\/iframe>\n<\/div><\/figure>\n\n\n\n<p><em>Confira o podcast Caminhos da Educa\u00e7\u00e3o com Isabel Parolin<\/em><\/p>\n\n\n\n<p><strong>E as fam\u00edlias, s\u00e3o importantes nesse envolvimento de acolhida?<\/strong><\/p>\n\n\n\n<p>Mais que poss\u00edvel, \u00e9 necess\u00e1rio estarem presentes. Com a pandemia, podemos classificar v\u00e1rios tipos de fam\u00edlias. Tiveram aquelas que estavam rezando para voltar ao que era antes. At\u00e9 mar\u00e7o de 2020, os pais faziam uma transfer\u00eancia brutal para a escola. Se queixavam aos professores e n\u00e3o entendiam os porqu\u00eas que seus filhos n\u00e3o comiam verduras, n\u00e3o faziam a li\u00e7\u00e3o de casa ou n\u00e3o largavam o videogame.&nbsp;&nbsp;<\/p>\n\n\n\n<p>Tiveram aqueles que assumiram a escola em casa de forma inadequada. Ocorreu um caso de uma m\u00e3e, que \u00e9 m\u00e9dica, que dizia que tinha que sair do seu consult\u00f3rio para ir casa e fazer a prova on-line com a filha. Pais que assumiram muitas fun\u00e7\u00f5es, como postar no Moodle, foi algo inadequado. Esses alunos v\u00e3o ter dificuldades mais na frente. Houve aqueles que assistiam, opinaram e controlavam as aulas. Foram, de certa forma, situa\u00e7\u00f5es engra\u00e7adas.&nbsp;<\/p>\n\n\n\n<p>Outro grupo de pais ficaram devendo, n\u00e3o fizeram a sua parte. Claro que n\u00e3o era ensinar, mas sim construir um espa\u00e7o para a crian\u00e7a ter suas aulas em casa. Tamb\u00e9m teve familiares que reconheceram o professor como um profissional intelectual, dizendo: \u201ceu n\u00e3o sei ensinar!&#8221;<\/p>\n\n\n\n<p>Enfim, poderia relatar v\u00e1rios perfis, mas esses s\u00e3o os principais. Muitos acabaram entendendo que a escola \u00e9 um espa\u00e7o de rela\u00e7\u00e3o e que entregou conte\u00fado em casa. Nos resta saber o que o filho realmente aprendeu. <strong>Isso \u00e9 uma constata\u00e7\u00e3o, a fam\u00edlia entendeu, de fato, o papel da escola. O que \u00e9 ser professor.&nbsp;<\/strong><\/p>\n\n\n\n<p>Para ter essa rela\u00e7\u00e3o com a fam\u00edlia, o professor pode fazer de forma presencial ou at\u00e9 uma rela\u00e7\u00e3o de trocas interativas, para que as conversas n\u00e3o se percam. Ali\u00e1s, os encontros on-line costumam ter uma grande ades\u00e3o. \u00c9 preciso acolher as fam\u00edlias, ter a aten\u00e7\u00e3o adequada. A fam\u00edlia tem que se sentir acolhida. A escola n\u00e3o pode substituir a fam\u00edlia, mas pode ser uma grande parceira dela.&nbsp;<\/p>\n\n\n\n<div class=\"wp-block-image is-style-default\"><figure class=\"aligncenter size-full\"><img loading=\"lazy\" decoding=\"async\" width=\"755\" height=\"886\" src=\"https:\/\/sinepe-rs.org.br\/educacaoempauta\/wp-content\/uploads\/2022\/03\/sinepe_infografico_24_entrevista_isabel_parolin.png\" alt=\"\" class=\"wp-image-992\" srcset=\"https:\/\/sinepe-rs.org.br\/educacaoempauta\/wp-content\/uploads\/2022\/03\/sinepe_infografico_24_entrevista_isabel_parolin.png 755w, https:\/\/sinepe-rs.org.br\/educacaoempauta\/wp-content\/uploads\/2022\/03\/sinepe_infografico_24_entrevista_isabel_parolin-256x300.png 256w\" sizes=\"auto, (max-width: 755px) 100vw, 755px\" \/><\/figure><\/div>\n","protected":false},"excerpt":{"rendered":"<p>Psicopedagoga Isabel Parolin destaca a import\u00e2ncia do acolhimento em um ambiente escolar, tanto para gestores, professores, alunos e, principalmente, familiares<\/p>\n","protected":false},"author":1,"featured_media":991,"comment_status":"open","ping_status":"open","sticky":false,"template":"","format":"standard","meta":{"footnotes":""},"categories":[4],"tags":[59,58,43],"class_list":["post-974","post","type-post","status-publish","format-standard","has-post-thumbnail","hentry","category-com-a-palavra","tag-acolhimento-escolar","tag-familia","tag-sinepe-rs-2"],"acf":[],"yoast_head":"<!-- This site is optimized with the Yoast SEO plugin v24.6 - https:\/\/yoast.com\/wordpress\/plugins\/seo\/ -->\n<title>\u201cA escola n\u00e3o pode substituir a fam\u00edlia, mas pode ser uma grande parceira\u201d<\/title>\n<meta name=\"description\" content=\"Psicopedagoga Isabel Parolin destaca a import\u00e2ncia do acolhimento em um ambiente escolar, tanto para professores, alunos e familiares\" \/>\n<meta name=\"robots\" content=\"index, follow, max-snippet:-1, max-image-preview:large, max-video-preview:-1\" \/>\n<link rel=\"canonical\" href=\"https:\/\/sinepe-rs.org.br\/educacaoempauta\/com-a-palavra\/a-escola-nao-pode-substituir-a-familia-mas-pode-ser-uma-grande-parceira-diz-isabel-parolin\/\" \/>\n<meta property=\"og:locale\" content=\"pt_BR\" \/>\n<meta property=\"og:type\" content=\"article\" \/>\n<meta property=\"og:title\" content=\"\u201cA escola n\u00e3o pode substituir a fam\u00edlia, mas pode ser uma grande parceira\u201d\" \/>\n<meta property=\"og:description\" content=\"Psicopedagoga Isabel Parolin destaca a import\u00e2ncia do acolhimento em um ambiente escolar, tanto para professores, alunos e familiares\" \/>\n<meta property=\"og:url\" content=\"https:\/\/sinepe-rs.org.br\/educacaoempauta\/com-a-palavra\/a-escola-nao-pode-substituir-a-familia-mas-pode-ser-uma-grande-parceira-diz-isabel-parolin\/\" \/>\n<meta property=\"og:site_name\" content=\"Educa\u00e7\u00e3o em Pauta: Portal de reportagens de Educa\u00e7\u00e3o\" \/>\n<meta property=\"article:published_time\" content=\"2022-04-01T10:00:00+00:00\" \/>\n<meta property=\"article:modified_time\" content=\"2022-04-26T18:34:13+00:00\" \/>\n<meta property=\"og:image\" content=\"https:\/\/sinepe-rs.org.br\/educacaoempauta\/wp-content\/uploads\/2022\/03\/24-Isabel-Parolin-flickr-divulgacao.png\" \/>\n\t<meta property=\"og:image:width\" content=\"1366\" \/>\n\t<meta property=\"og:image:height\" content=\"450\" \/>\n\t<meta property=\"og:image:type\" content=\"image\/png\" \/>\n<meta name=\"author\" content=\"admin\" \/>\n<meta name=\"twitter:card\" content=\"summary_large_image\" \/>\n<meta name=\"twitter:label1\" content=\"Escrito por\" \/>\n\t<meta name=\"twitter:data1\" content=\"admin\" \/>\n\t<meta name=\"twitter:label2\" content=\"Est. tempo de leitura\" \/>\n\t<meta name=\"twitter:data2\" content=\"7 minutos\" \/>\n<script type=\"application\/ld+json\" class=\"yoast-schema-graph\">{\"@context\":\"https:\/\/schema.org\",\"@graph\":[{\"@type\":\"WebPage\",\"@id\":\"https:\/\/sinepe-rs.org.br\/educacaoempauta\/com-a-palavra\/a-escola-nao-pode-substituir-a-familia-mas-pode-ser-uma-grande-parceira-diz-isabel-parolin\/\",\"url\":\"https:\/\/sinepe-rs.org.br\/educacaoempauta\/com-a-palavra\/a-escola-nao-pode-substituir-a-familia-mas-pode-ser-uma-grande-parceira-diz-isabel-parolin\/\",\"name\":\"\u201cA escola n\u00e3o pode substituir a fam\u00edlia, mas pode ser uma grande parceira\u201d\",\"isPartOf\":{\"@id\":\"https:\/\/sinepe-rs.org.br\/educacaoempauta\/#website\"},\"primaryImageOfPage\":{\"@id\":\"https:\/\/sinepe-rs.org.br\/educacaoempauta\/com-a-palavra\/a-escola-nao-pode-substituir-a-familia-mas-pode-ser-uma-grande-parceira-diz-isabel-parolin\/#primaryimage\"},\"image\":{\"@id\":\"https:\/\/sinepe-rs.org.br\/educacaoempauta\/com-a-palavra\/a-escola-nao-pode-substituir-a-familia-mas-pode-ser-uma-grande-parceira-diz-isabel-parolin\/#primaryimage\"},\"thumbnailUrl\":\"https:\/\/sinepe-rs.org.br\/educacaoempauta\/wp-content\/uploads\/2022\/03\/24-Isabel-Parolin-flickr-divulgacao.png\",\"datePublished\":\"2022-04-01T10:00:00+00:00\",\"dateModified\":\"2022-04-26T18:34:13+00:00\",\"author\":{\"@id\":\"https:\/\/sinepe-rs.org.br\/educacaoempauta\/#\/schema\/person\/abdb0e2f9fd598d948c507465a0fb114\"},\"description\":\"Psicopedagoga Isabel Parolin destaca a import\u00e2ncia do acolhimento em um ambiente escolar, tanto para professores, alunos e familiares\",\"breadcrumb\":{\"@id\":\"https:\/\/sinepe-rs.org.br\/educacaoempauta\/com-a-palavra\/a-escola-nao-pode-substituir-a-familia-mas-pode-ser-uma-grande-parceira-diz-isabel-parolin\/#breadcrumb\"},\"inLanguage\":\"pt-BR\",\"potentialAction\":[{\"@type\":\"ReadAction\",\"target\":[\"https:\/\/sinepe-rs.org.br\/educacaoempauta\/com-a-palavra\/a-escola-nao-pode-substituir-a-familia-mas-pode-ser-uma-grande-parceira-diz-isabel-parolin\/\"]}]},{\"@type\":\"ImageObject\",\"inLanguage\":\"pt-BR\",\"@id\":\"https:\/\/sinepe-rs.org.br\/educacaoempauta\/com-a-palavra\/a-escola-nao-pode-substituir-a-familia-mas-pode-ser-uma-grande-parceira-diz-isabel-parolin\/#primaryimage\",\"url\":\"https:\/\/sinepe-rs.org.br\/educacaoempauta\/wp-content\/uploads\/2022\/03\/24-Isabel-Parolin-flickr-divulgacao.png\",\"contentUrl\":\"https:\/\/sinepe-rs.org.br\/educacaoempauta\/wp-content\/uploads\/2022\/03\/24-Isabel-Parolin-flickr-divulgacao.png\",\"width\":1366,\"height\":450,\"caption\":\"A escola n\u00e3o pode substituir a fam\u00edlia, mas pode ser uma grande parceira\"},{\"@type\":\"BreadcrumbList\",\"@id\":\"https:\/\/sinepe-rs.org.br\/educacaoempauta\/com-a-palavra\/a-escola-nao-pode-substituir-a-familia-mas-pode-ser-uma-grande-parceira-diz-isabel-parolin\/#breadcrumb\",\"itemListElement\":[{\"@type\":\"ListItem\",\"position\":1,\"name\":\"Home\",\"item\":\"https:\/\/sinepe-rs.org.br\/educacaoempauta\/\"},{\"@type\":\"ListItem\",\"position\":2,\"name\":\"\u201cA escola n\u00e3o pode substituir a fam\u00edlia, mas pode ser uma grande parceira\u201d, diz Isabel Parolin\"}]},{\"@type\":\"WebSite\",\"@id\":\"https:\/\/sinepe-rs.org.br\/educacaoempauta\/#website\",\"url\":\"https:\/\/sinepe-rs.org.br\/educacaoempauta\/\",\"name\":\"Educa\u00e7\u00e3o em Pauta: Portal de reportagens de Educa\u00e7\u00e3o\",\"description\":\"Sinepe-RS\",\"potentialAction\":[{\"@type\":\"SearchAction\",\"target\":{\"@type\":\"EntryPoint\",\"urlTemplate\":\"https:\/\/sinepe-rs.org.br\/educacaoempauta\/?s={search_term_string}\"},\"query-input\":{\"@type\":\"PropertyValueSpecification\",\"valueRequired\":true,\"valueName\":\"search_term_string\"}}],\"inLanguage\":\"pt-BR\"},{\"@type\":\"Person\",\"@id\":\"https:\/\/sinepe-rs.org.br\/educacaoempauta\/#\/schema\/person\/abdb0e2f9fd598d948c507465a0fb114\",\"name\":\"admin\",\"image\":{\"@type\":\"ImageObject\",\"inLanguage\":\"pt-BR\",\"@id\":\"https:\/\/sinepe-rs.org.br\/educacaoempauta\/#\/schema\/person\/image\/\",\"url\":\"https:\/\/secure.gravatar.com\/avatar\/19e095e9181d747c467289c8900854f54710fbe263ca8977e02a7beec533d22c?s=96&d=mm&r=g\",\"contentUrl\":\"https:\/\/secure.gravatar.com\/avatar\/19e095e9181d747c467289c8900854f54710fbe263ca8977e02a7beec533d22c?s=96&d=mm&r=g\",\"caption\":\"admin\"},\"sameAs\":[\"https:\/\/sinepe-rs.org.br\/educacaoempauta\"],\"url\":\"https:\/\/sinepe-rs.org.br\/educacaoempauta\/author\/admin\/\"}]}<\/script>\n<!-- \/ Yoast SEO plugin. -->","yoast_head_json":{"title":"\u201cA escola n\u00e3o pode substituir a fam\u00edlia, mas pode ser uma grande parceira\u201d","description":"Psicopedagoga Isabel Parolin destaca a import\u00e2ncia do acolhimento em um ambiente escolar, tanto para professores, alunos e familiares","robots":{"index":"index","follow":"follow","max-snippet":"max-snippet:-1","max-image-preview":"max-image-preview:large","max-video-preview":"max-video-preview:-1"},"canonical":"https:\/\/sinepe-rs.org.br\/educacaoempauta\/com-a-palavra\/a-escola-nao-pode-substituir-a-familia-mas-pode-ser-uma-grande-parceira-diz-isabel-parolin\/","og_locale":"pt_BR","og_type":"article","og_title":"\u201cA escola n\u00e3o pode substituir a fam\u00edlia, mas pode ser uma grande parceira\u201d","og_description":"Psicopedagoga Isabel Parolin destaca a import\u00e2ncia do acolhimento em um ambiente escolar, tanto para professores, alunos e familiares","og_url":"https:\/\/sinepe-rs.org.br\/educacaoempauta\/com-a-palavra\/a-escola-nao-pode-substituir-a-familia-mas-pode-ser-uma-grande-parceira-diz-isabel-parolin\/","og_site_name":"Educa\u00e7\u00e3o em Pauta: Portal de reportagens de Educa\u00e7\u00e3o","article_published_time":"2022-04-01T10:00:00+00:00","article_modified_time":"2022-04-26T18:34:13+00:00","og_image":[{"width":1366,"height":450,"url":"https:\/\/sinepe-rs.org.br\/educacaoempauta\/wp-content\/uploads\/2022\/03\/24-Isabel-Parolin-flickr-divulgacao.png","type":"image\/png"}],"author":"admin","twitter_card":"summary_large_image","twitter_misc":{"Escrito por":"admin","Est. tempo de leitura":"7 minutos"},"schema":{"@context":"https:\/\/schema.org","@graph":[{"@type":"WebPage","@id":"https:\/\/sinepe-rs.org.br\/educacaoempauta\/com-a-palavra\/a-escola-nao-pode-substituir-a-familia-mas-pode-ser-uma-grande-parceira-diz-isabel-parolin\/","url":"https:\/\/sinepe-rs.org.br\/educacaoempauta\/com-a-palavra\/a-escola-nao-pode-substituir-a-familia-mas-pode-ser-uma-grande-parceira-diz-isabel-parolin\/","name":"\u201cA escola n\u00e3o pode substituir a fam\u00edlia, mas pode ser uma grande parceira\u201d","isPartOf":{"@id":"https:\/\/sinepe-rs.org.br\/educacaoempauta\/#website"},"primaryImageOfPage":{"@id":"https:\/\/sinepe-rs.org.br\/educacaoempauta\/com-a-palavra\/a-escola-nao-pode-substituir-a-familia-mas-pode-ser-uma-grande-parceira-diz-isabel-parolin\/#primaryimage"},"image":{"@id":"https:\/\/sinepe-rs.org.br\/educacaoempauta\/com-a-palavra\/a-escola-nao-pode-substituir-a-familia-mas-pode-ser-uma-grande-parceira-diz-isabel-parolin\/#primaryimage"},"thumbnailUrl":"https:\/\/sinepe-rs.org.br\/educacaoempauta\/wp-content\/uploads\/2022\/03\/24-Isabel-Parolin-flickr-divulgacao.png","datePublished":"2022-04-01T10:00:00+00:00","dateModified":"2022-04-26T18:34:13+00:00","author":{"@id":"https:\/\/sinepe-rs.org.br\/educacaoempauta\/#\/schema\/person\/abdb0e2f9fd598d948c507465a0fb114"},"description":"Psicopedagoga Isabel Parolin destaca a import\u00e2ncia do acolhimento em um ambiente escolar, tanto para professores, alunos e familiares","breadcrumb":{"@id":"https:\/\/sinepe-rs.org.br\/educacaoempauta\/com-a-palavra\/a-escola-nao-pode-substituir-a-familia-mas-pode-ser-uma-grande-parceira-diz-isabel-parolin\/#breadcrumb"},"inLanguage":"pt-BR","potentialAction":[{"@type":"ReadAction","target":["https:\/\/sinepe-rs.org.br\/educacaoempauta\/com-a-palavra\/a-escola-nao-pode-substituir-a-familia-mas-pode-ser-uma-grande-parceira-diz-isabel-parolin\/"]}]},{"@type":"ImageObject","inLanguage":"pt-BR","@id":"https:\/\/sinepe-rs.org.br\/educacaoempauta\/com-a-palavra\/a-escola-nao-pode-substituir-a-familia-mas-pode-ser-uma-grande-parceira-diz-isabel-parolin\/#primaryimage","url":"https:\/\/sinepe-rs.org.br\/educacaoempauta\/wp-content\/uploads\/2022\/03\/24-Isabel-Parolin-flickr-divulgacao.png","contentUrl":"https:\/\/sinepe-rs.org.br\/educacaoempauta\/wp-content\/uploads\/2022\/03\/24-Isabel-Parolin-flickr-divulgacao.png","width":1366,"height":450,"caption":"A escola n\u00e3o pode substituir a fam\u00edlia, mas pode ser uma grande parceira"},{"@type":"BreadcrumbList","@id":"https:\/\/sinepe-rs.org.br\/educacaoempauta\/com-a-palavra\/a-escola-nao-pode-substituir-a-familia-mas-pode-ser-uma-grande-parceira-diz-isabel-parolin\/#breadcrumb","itemListElement":[{"@type":"ListItem","position":1,"name":"Home","item":"https:\/\/sinepe-rs.org.br\/educacaoempauta\/"},{"@type":"ListItem","position":2,"name":"\u201cA escola n\u00e3o pode substituir a fam\u00edlia, mas pode ser uma grande parceira\u201d, diz Isabel Parolin"}]},{"@type":"WebSite","@id":"https:\/\/sinepe-rs.org.br\/educacaoempauta\/#website","url":"https:\/\/sinepe-rs.org.br\/educacaoempauta\/","name":"Educa\u00e7\u00e3o em Pauta: Portal de reportagens de Educa\u00e7\u00e3o","description":"Sinepe-RS","potentialAction":[{"@type":"SearchAction","target":{"@type":"EntryPoint","urlTemplate":"https:\/\/sinepe-rs.org.br\/educacaoempauta\/?s={search_term_string}"},"query-input":{"@type":"PropertyValueSpecification","valueRequired":true,"valueName":"search_term_string"}}],"inLanguage":"pt-BR"},{"@type":"Person","@id":"https:\/\/sinepe-rs.org.br\/educacaoempauta\/#\/schema\/person\/abdb0e2f9fd598d948c507465a0fb114","name":"admin","image":{"@type":"ImageObject","inLanguage":"pt-BR","@id":"https:\/\/sinepe-rs.org.br\/educacaoempauta\/#\/schema\/person\/image\/","url":"https:\/\/secure.gravatar.com\/avatar\/19e095e9181d747c467289c8900854f54710fbe263ca8977e02a7beec533d22c?s=96&d=mm&r=g","contentUrl":"https:\/\/secure.gravatar.com\/avatar\/19e095e9181d747c467289c8900854f54710fbe263ca8977e02a7beec533d22c?s=96&d=mm&r=g","caption":"admin"},"sameAs":["https:\/\/sinepe-rs.org.br\/educacaoempauta"],"url":"https:\/\/sinepe-rs.org.br\/educacaoempauta\/author\/admin\/"}]}},"_links":{"self":[{"href":"https:\/\/sinepe-rs.org.br\/educacaoempauta\/wp-json\/wp\/v2\/posts\/974","targetHints":{"allow":["GET"]}}],"collection":[{"href":"https:\/\/sinepe-rs.org.br\/educacaoempauta\/wp-json\/wp\/v2\/posts"}],"about":[{"href":"https:\/\/sinepe-rs.org.br\/educacaoempauta\/wp-json\/wp\/v2\/types\/post"}],"author":[{"embeddable":true,"href":"https:\/\/sinepe-rs.org.br\/educacaoempauta\/wp-json\/wp\/v2\/users\/1"}],"replies":[{"embeddable":true,"href":"https:\/\/sinepe-rs.org.br\/educacaoempauta\/wp-json\/wp\/v2\/comments?post=974"}],"version-history":[{"count":6,"href":"https:\/\/sinepe-rs.org.br\/educacaoempauta\/wp-json\/wp\/v2\/posts\/974\/revisions"}],"predecessor-version":[{"id":1048,"href":"https:\/\/sinepe-rs.org.br\/educacaoempauta\/wp-json\/wp\/v2\/posts\/974\/revisions\/1048"}],"wp:featuredmedia":[{"embeddable":true,"href":"https:\/\/sinepe-rs.org.br\/educacaoempauta\/wp-json\/wp\/v2\/media\/991"}],"wp:attachment":[{"href":"https:\/\/sinepe-rs.org.br\/educacaoempauta\/wp-json\/wp\/v2\/media?parent=974"}],"wp:term":[{"taxonomy":"category","embeddable":true,"href":"https:\/\/sinepe-rs.org.br\/educacaoempauta\/wp-json\/wp\/v2\/categories?post=974"},{"taxonomy":"post_tag","embeddable":true,"href":"https:\/\/sinepe-rs.org.br\/educacaoempauta\/wp-json\/wp\/v2\/tags?post=974"}],"curies":[{"name":"wp","href":"https:\/\/api.w.org\/{rel}","templated":true}]}}