{"id":975,"date":"2022-03-30T07:00:00","date_gmt":"2022-03-30T10:00:00","guid":{"rendered":"https:\/\/sinepe-rs.org.br\/educacaoempauta\/?p=975"},"modified":"2022-04-26T13:38:53","modified_gmt":"2022-04-26T16:38:53","slug":"educacao-em-tempos-de-eleicao-o-que-estara-em-debate","status":"publish","type":"post","link":"https:\/\/sinepe-rs.org.br\/educacaoempauta\/inspire-se\/educacao-em-tempos-de-eleicao-o-que-estara-em-debate\/","title":{"rendered":"Educa\u00e7\u00e3o em tempos de elei\u00e7\u00e3o: o que estar\u00e1 em debate"},"content":{"rendered":"\n<p>Os brasileiros j\u00e1 est\u00e3o habituados a ouvir as palavras \u201cEduca\u00e7\u00e3o\u201d e \u201cprioridade\u201d sendo mencionadas em uma mesma senten\u00e7a nos <a href=\"https:\/\/infograficos.estadao.com.br\/focas\/por-minha-conta\/materia\/as-propostas-dos-candidatos-para-a-educacao\" target=\"_blank\" rel=\"noreferrer noopener\">palanques eleitorais<\/a>. E, em 2022, ano de elei\u00e7\u00f5es para presidente da Rep\u00fablica, governador e cargos legislativos (deputados estadual e federal, al\u00e9m de senador), os termos devem vir ancorados em um terceiro: Economia.<\/p>\n\n\n\n<p>Na avalia\u00e7\u00e3o do cientista pol\u00edtico Augusto Neftali de Oliveira, professor da Escola de Humanidades da Pontif\u00edcia Universidade Cat\u00f3lica do Rio Grande do Sul (PUCRS), ainda que as pol\u00edticas setoriais n\u00e3o estejam definidas, a tend\u00eancia \u00e9 que os candidatos tenham a melhoria das condi\u00e7\u00f5es de vida da popula\u00e7\u00e3o como objeto central da disputa. Nesse contexto, a educa\u00e7\u00e3o entraria como parte das solu\u00e7\u00f5es.<\/p>\n\n\n\n<figure class=\"wp-block-pullquote\" style=\"font-size:12px\"><blockquote><p>&#8220;Neste ano, o tema Educa\u00e7\u00e3o vai ser especialmente direcionado \u00e0 sua import\u00e2ncia na vida das pessoas, para as fam\u00edlias, uma vez que gera desenvolvimento e inser\u00e7\u00e3o profissional. E isso porque a pandemia, a estagna\u00e7\u00e3o econ\u00f4mica, o encarecimento das condi\u00e7\u00f5es de vida, colocam a economia como foco da discuss\u00e3o e ser\u00e1 preciso encontrar sa\u00eddas para gera\u00e7\u00e3o de emprego e renda, por exemplo\u201d, projeta Oliveira.<\/p><cite>Augusto Neftali de Oliveira, cientista pol\u00edtico <\/cite><\/blockquote><\/figure>\n\n\n\n<p>Assim, \u00e9 dado como certo que os cortes de recursos para a Educa\u00e7\u00e3o entrem em pauta. A previs\u00e3o or\u00e7ament\u00e1ria do Minist\u00e9rio da Educa\u00e7\u00e3o (MEC) despencou de R$ 158,2 bilh\u00f5es para R$ 137,9 bilh\u00f5es em 2022. Em rela\u00e7\u00e3o ao ano passado, houve um corte de R$ 736,3 milh\u00f5es, o segundo maior do governo federal. Os vetos devem afetar a compra de ve\u00edculos de transporte escolar e investimentos em projetos de gradua\u00e7\u00e3o, p\u00f3s-gradua\u00e7\u00e3o, ensino, pesquisa e extens\u00e3o.<\/p>\n\n\n\n<p>Outro ponto que deve ser alvo de cr\u00edticas \u00e9 a execu\u00e7\u00e3o or\u00e7ament\u00e1ria. Em 2021, o MEC s\u00f3 gastou R$ 90,29 bilh\u00f5es dos R$ 145,70 bi de que dispunha \u2013 2,49% do <a href=\"https:\/\/auditoriacidada.org.br\/wp-content\/uploads\/2022\/02\/grafico2021.png\" target=\"_blank\" rel=\"noreferrer noopener\">or\u00e7amento federal executado<\/a> no ano passado, que foi de R$ 3,861 trilh\u00f5es.<\/p>\n\n\n\n<figure class=\"wp-block-pullquote\" style=\"font-size:12px\"><blockquote><p>\u201cO Minist\u00e9rio da Educa\u00e7\u00e3o e a maioria dos Estados reduziram os investimentos durante a pandemia e v\u00e3o ser cobrados por terem economizado. Da mesma forma, os cortes na pesquisa v\u00e3o ser cobrados. Nunca se precisou tanto de investimento em ci\u00eancia e pesquisa quanto agora.\u201d<\/p><cite>Gabriel Daudt Grabowski, professor e pesquisador da Feevale, doutor em Educa\u00e7\u00e3o pela UFRGS.<\/cite><\/blockquote><\/figure>\n\n\n\n<p>No Ensino Superior, al\u00e9m da queda no n\u00famero de bolsas do CNPq e da Capes na \u00e1rea de pesquisa e incentivo a projetos cient\u00edficos, as verbas minguadas se refletem no acesso e perman\u00eancia na gradua\u00e7\u00e3o. A mudan\u00e7a nas regras do Financiamento Estudantil (Fies) \u2013 com juros mais altos, percentual financi\u00e1vel condicionado \u00e0 realidade financeira do aluno e menor prazo de car\u00eancia para quita\u00e7\u00e3o \u2013 desestimulam novos ingressantes desde 2015. A pandemia s\u00f3 acelerou a tend\u00eancia, conforme Grabowski. Agora sobram vagas nas institui\u00e7\u00f5es, e n\u00e3o \u00e9 por falta de p\u00fablico. A dr\u00e1stica redu\u00e7\u00e3o nas pol\u00edticas se soma \u00e0 crise econ\u00f4mica e sanit\u00e1ria, e muitos estudantes foram obrigados a abandonar o Ensino Superior.<\/p>\n\n\n\n<p>\u201cNo Rio Grande do Sul, 88% dos jovens do Ensino M\u00e9dio estudam em escola p\u00fablica e 12% na rede privada. Quando chega no Ensino Superior, isso se inverte: 76% dos ingressantes v\u00e3o para as institui\u00e7\u00f5es particulares. S\u00e3o milhares de jovens trabalhadores que se n\u00e3o tiverem bolsa, financiamento, n\u00e3o v\u00e3o poder estudar. Como desdobramento disso, temos uma estagna\u00e7\u00e3o do Ensino Superior. Temos 17% de acesso, mas a meta do <a href=\"https:\/\/undime.org.br\/noticia\/conheca-as-20-metas-do-plano-nacional-de-educacao\" target=\"_blank\" rel=\"noreferrer noopener\">Plano Nacional de Educa\u00e7\u00e3o (PNE)<\/a> era de 33%. Claro que a pandemia prejudicou, mas j\u00e1 havia ociosidade de vagas. As institui\u00e7\u00f5es privadas t\u00eam vagas\u201d, opina.<\/p>\n\n\n\n<p>Para Grabowski, esse assunto j\u00e1 est\u00e1 gerando mobiliza\u00e7\u00e3o. A Medida Provis\u00f3ria 1.090, editada pelo presidente Jair Bolsonaro em dezembro, <a href=\"https:\/\/g1.globo.com\/educacao\/noticia\/2022\/03\/14\/fies-regras-para-renegociar-as-dividas-do-financiamento-estudantil.ghtml\" target=\"_blank\" rel=\"noreferrer noopener\">concedeu abatimento<\/a> de at\u00e9 92% no valor devido para que uma camada de inadimplentes com at\u00e9 tr\u00eas parcelas de atraso retomassem a gradua\u00e7\u00e3o.<\/p>\n\n\n\n<p><\/p>\n\n\n\n<figure class=\"wp-block-embed is-type-video is-provider-youtube wp-block-embed-youtube wp-embed-aspect-16-9 wp-has-aspect-ratio\"><div class=\"wp-block-embed__wrapper\">\n<iframe loading=\"lazy\" title=\"Perspectivas para a Educa\u00e7\u00e3o Superior em 2022\" width=\"500\" height=\"281\" src=\"https:\/\/www.youtube.com\/embed\/3dxzXQUtLXg?feature=oembed\" frameborder=\"0\" allow=\"accelerometer; autoplay; clipboard-write; encrypted-media; gyroscope; picture-in-picture; web-share\" referrerpolicy=\"strict-origin-when-cross-origin\" allowfullscreen><\/iframe>\n<\/div><\/figure>\n\n\n\n<p><em>O que podemos esperar de 2022 na Educa\u00e7\u00e3o Superior? A diretora do Sinepe-RS, B\u00e1rbara Nissola, aborda os principais desafios.<\/em><\/p>\n\n\n\n<p><\/p>\n\n\n\n<p><strong>Valoriza\u00e7\u00e3o de pol\u00edticas educacionais<\/strong><\/p>\n\n\n\n<p>Grabowski aposta que a Base Nacional Comum Curricular (BNCC) e a reforma do Ensino M\u00e9dio possam ser pautas paralelas do debate pol\u00edtico. Segundo ele, tanto a normativa como o novo modelo de aprendizagem foram implantados de forma diversa \u00e0 proposta original.<\/p>\n\n\n\n<p>\u201cA BNCC, discutida desde 2013, era articulada com o Plano Nacional de Educa\u00e7\u00e3o. Mas acabou que ela se tornou uma pol\u00edtica nacional de educa\u00e7\u00e3o, e n\u00e3o \u00e9 para ser isso. Enquanto isso, a maioria das metas 2014-2024 da PNE n\u00e3o foram cumpridas. J\u00e1 o <a href=\"https:\/\/sinepe-rs.org.br\/educacaoempauta\/pedagogico\/2022-o-ano-de-colocar-o-novo-ensino-medio-em-pratica\/\" target=\"_blank\" rel=\"noreferrer noopener\"><strong>Novo Ensino M\u00e9dio<\/strong><\/a> nunca foi consenso, tanto que ele foi aprovado por Medida Provis\u00f3ria. N\u00e3o acho que esses ser\u00e3o temas principais, at\u00e9 porque o governo federal vai defend\u00ea-los como um avan\u00e7o, mas quem n\u00e3o concorda pode chamar essa discuss\u00e3o\u201d, projeta o pesquisador.<\/p>\n\n\n\n<p>J\u00e1 Augusto Neftali de Oliveira aposta que a valoriza\u00e7\u00e3o e o fortalecimento de pol\u00edticas educacionais existentes devem entrar na plataforma dos candidatos.<\/p>\n\n\n\n<p>\u201cH\u00e1 pol\u00edticas educacionais bem estruturadas que n\u00e3o podem retroagir. Mas vemos o enfraquecimento do Fies, do Enem e restri\u00e7\u00e3o de recursos que envolvem a redu\u00e7\u00e3o de ingresso ao Ensino Superior. Ent\u00e3o, certamente, a valoriza\u00e7\u00e3o das pol\u00edticas educacionais vai ser uma pauta, na medida em que as pessoas possuem a consci\u00eancia de que uma das formas de melhorar na vida e garantir o sustento \u00e9 por meio da educa\u00e7\u00e3o superior\u201d, afirma.<\/p>\n\n\n\n<p><strong>A vis\u00e3o do Sinepe-RS<\/strong><\/p>\n\n\n\n<p>Presidente do Sindicato do Ensino Privado do Rio Grande do Sul (Sinepe\/RS) e da Federa\u00e7\u00e3o Nacional das Escolas Particulares (Fenep), Bruno Eizerik lamenta que a Educa\u00e7\u00e3o s\u00f3 entre no debate pol\u00edtico em ano eleitoral.&nbsp;<\/p>\n\n\n\n<p>\u201cSempre falamos daquele trip\u00e9: educa\u00e7\u00e3o, sa\u00fade e seguran\u00e7a. Mas s\u00f3 vamos t\u00ea-las contando com um povo educado. Aprendemos mais uma vez com a Covid-19. Toda a vez que conseguiram fazer com que as crian\u00e7as e jovens entendessem a import\u00e2ncia da preven\u00e7\u00e3o, as escolas preveniram e a sa\u00fade curou. O mesmo vale para a seguran\u00e7a. Se temos um povo educado, que sabe que deve cumprir as leis, teremos menos viol\u00eancia\u201d, diz o presidente.<\/p>\n\n\n\n<p>Segundo Bruno, por ser vi\u00e9s de uma boa condi\u00e7\u00e3o de vida em sociedade, o tema deveria independer do partido ou nome que sobe ao poder.&nbsp;<\/p>\n\n\n\n<figure class=\"wp-block-pullquote\" style=\"font-size:12px\"><blockquote><p>\u201cQuando se fala em Educa\u00e7\u00e3o, n\u00e3o temos que nos preocupar se n\u00f3s vamos eleger A, B ou C., mas em ter boas pol\u00edticas que se sustentem independente de partido ou vi\u00e9s. A Educa\u00e7\u00e3o tem de estar acima desta quest\u00e3o pol\u00edtica. Mas muitos governos acabam jogando fora tudo o que uma outra administra\u00e7\u00e3o anterior construiu e era importante. Precisamos&nbsp; atentar para quem faz propostas como essas.\u201d<\/p><cite>Bruno Eizerik, Presidente do Sinepe\/RS e da Fenep <\/cite><\/blockquote><\/figure>\n","protected":false},"excerpt":{"rendered":"<p>Especialistas preveem que pautas do Ensino Superior como cortes em pesquisa e redu\u00e7\u00e3o do financiamento estudantil ser\u00e3o temas centrais no pr\u00f3ximo pleito<\/p>\n","protected":false},"author":1,"featured_media":976,"comment_status":"open","ping_status":"open","sticky":false,"template":"","format":"standard","meta":{"footnotes":""},"categories":[7],"tags":[61,60,43],"class_list":["post-975","post","type-post","status-publish","format-standard","has-post-thumbnail","hentry","category-inspire-se","tag-educacao","tag-eleicao-2022","tag-sinepe-rs-2"],"acf":[],"yoast_head":"<!-- This site is optimized with the Yoast SEO plugin v24.6 - https:\/\/yoast.com\/wordpress\/plugins\/seo\/ -->\n<title>Educa\u00e7\u00e3o em tempos de elei\u00e7\u00e3o: o que estar\u00e1 em debate - Educa\u00e7\u00e3o em Pauta: Portal de reportagens de Educa\u00e7\u00e3o<\/title>\n<meta name=\"robots\" content=\"index, follow, max-snippet:-1, max-image-preview:large, max-video-preview:-1\" \/>\n<link rel=\"canonical\" href=\"https:\/\/sinepe-rs.org.br\/educacaoempauta\/inspire-se\/educacao-em-tempos-de-eleicao-o-que-estara-em-debate\/\" \/>\n<meta property=\"og:locale\" content=\"pt_BR\" \/>\n<meta property=\"og:type\" content=\"article\" \/>\n<meta property=\"og:title\" content=\"Educa\u00e7\u00e3o em tempos de elei\u00e7\u00e3o: o que estar\u00e1 em debate - Educa\u00e7\u00e3o em Pauta: Portal de reportagens de Educa\u00e7\u00e3o\" \/>\n<meta property=\"og:description\" content=\"Especialistas preveem que pautas do Ensino Superior como cortes em pesquisa e redu\u00e7\u00e3o do financiamento estudantil ser\u00e3o temas centrais no pr\u00f3ximo pleito\" \/>\n<meta property=\"og:url\" content=\"https:\/\/sinepe-rs.org.br\/educacaoempauta\/inspire-se\/educacao-em-tempos-de-eleicao-o-que-estara-em-debate\/\" \/>\n<meta property=\"og:site_name\" content=\"Educa\u00e7\u00e3o em Pauta: Portal de reportagens de Educa\u00e7\u00e3o\" \/>\n<meta property=\"article:published_time\" content=\"2022-03-30T10:00:00+00:00\" \/>\n<meta property=\"article:modified_time\" content=\"2022-04-26T16:38:53+00:00\" \/>\n<meta property=\"og:image\" content=\"https:\/\/sinepe-rs.org.br\/educacaoempauta\/wp-content\/uploads\/2022\/03\/27-O-que-deve-pautar-a-campanha-foto-Antonio-Augusto-Ascom-TSE-1.jpg\" \/>\n\t<meta property=\"og:image:width\" content=\"2048\" \/>\n\t<meta property=\"og:image:height\" content=\"1365\" \/>\n\t<meta property=\"og:image:type\" content=\"image\/jpeg\" \/>\n<meta name=\"author\" content=\"admin\" \/>\n<meta name=\"twitter:card\" content=\"summary_large_image\" \/>\n<meta name=\"twitter:label1\" content=\"Escrito por\" \/>\n\t<meta name=\"twitter:data1\" content=\"admin\" \/>\n\t<meta name=\"twitter:label2\" content=\"Est. tempo de leitura\" \/>\n\t<meta name=\"twitter:data2\" content=\"6 minutos\" \/>\n<script type=\"application\/ld+json\" class=\"yoast-schema-graph\">{\"@context\":\"https:\/\/schema.org\",\"@graph\":[{\"@type\":\"WebPage\",\"@id\":\"https:\/\/sinepe-rs.org.br\/educacaoempauta\/inspire-se\/educacao-em-tempos-de-eleicao-o-que-estara-em-debate\/\",\"url\":\"https:\/\/sinepe-rs.org.br\/educacaoempauta\/inspire-se\/educacao-em-tempos-de-eleicao-o-que-estara-em-debate\/\",\"name\":\"Educa\u00e7\u00e3o em tempos de elei\u00e7\u00e3o: o que estar\u00e1 em debate - Educa\u00e7\u00e3o em Pauta: Portal de reportagens de Educa\u00e7\u00e3o\",\"isPartOf\":{\"@id\":\"https:\/\/sinepe-rs.org.br\/educacaoempauta\/#website\"},\"primaryImageOfPage\":{\"@id\":\"https:\/\/sinepe-rs.org.br\/educacaoempauta\/inspire-se\/educacao-em-tempos-de-eleicao-o-que-estara-em-debate\/#primaryimage\"},\"image\":{\"@id\":\"https:\/\/sinepe-rs.org.br\/educacaoempauta\/inspire-se\/educacao-em-tempos-de-eleicao-o-que-estara-em-debate\/#primaryimage\"},\"thumbnailUrl\":\"https:\/\/sinepe-rs.org.br\/educacaoempauta\/wp-content\/uploads\/2022\/03\/27-O-que-deve-pautar-a-campanha-foto-Antonio-Augusto-Ascom-TSE-1.jpg\",\"datePublished\":\"2022-03-30T10:00:00+00:00\",\"dateModified\":\"2022-04-26T16:38:53+00:00\",\"author\":{\"@id\":\"https:\/\/sinepe-rs.org.br\/educacaoempauta\/#\/schema\/person\/abdb0e2f9fd598d948c507465a0fb114\"},\"breadcrumb\":{\"@id\":\"https:\/\/sinepe-rs.org.br\/educacaoempauta\/inspire-se\/educacao-em-tempos-de-eleicao-o-que-estara-em-debate\/#breadcrumb\"},\"inLanguage\":\"pt-BR\",\"potentialAction\":[{\"@type\":\"ReadAction\",\"target\":[\"https:\/\/sinepe-rs.org.br\/educacaoempauta\/inspire-se\/educacao-em-tempos-de-eleicao-o-que-estara-em-debate\/\"]}]},{\"@type\":\"ImageObject\",\"inLanguage\":\"pt-BR\",\"@id\":\"https:\/\/sinepe-rs.org.br\/educacaoempauta\/inspire-se\/educacao-em-tempos-de-eleicao-o-que-estara-em-debate\/#primaryimage\",\"url\":\"https:\/\/sinepe-rs.org.br\/educacaoempauta\/wp-content\/uploads\/2022\/03\/27-O-que-deve-pautar-a-campanha-foto-Antonio-Augusto-Ascom-TSE-1.jpg\",\"contentUrl\":\"https:\/\/sinepe-rs.org.br\/educacaoempauta\/wp-content\/uploads\/2022\/03\/27-O-que-deve-pautar-a-campanha-foto-Antonio-Augusto-Ascom-TSE-1.jpg\",\"width\":2048,\"height\":1365},{\"@type\":\"BreadcrumbList\",\"@id\":\"https:\/\/sinepe-rs.org.br\/educacaoempauta\/inspire-se\/educacao-em-tempos-de-eleicao-o-que-estara-em-debate\/#breadcrumb\",\"itemListElement\":[{\"@type\":\"ListItem\",\"position\":1,\"name\":\"Home\",\"item\":\"https:\/\/sinepe-rs.org.br\/educacaoempauta\/\"},{\"@type\":\"ListItem\",\"position\":2,\"name\":\"Educa\u00e7\u00e3o em tempos de elei\u00e7\u00e3o: o que estar\u00e1 em debate\"}]},{\"@type\":\"WebSite\",\"@id\":\"https:\/\/sinepe-rs.org.br\/educacaoempauta\/#website\",\"url\":\"https:\/\/sinepe-rs.org.br\/educacaoempauta\/\",\"name\":\"Educa\u00e7\u00e3o em Pauta: Portal de reportagens de Educa\u00e7\u00e3o\",\"description\":\"Sinepe-RS\",\"potentialAction\":[{\"@type\":\"SearchAction\",\"target\":{\"@type\":\"EntryPoint\",\"urlTemplate\":\"https:\/\/sinepe-rs.org.br\/educacaoempauta\/?s={search_term_string}\"},\"query-input\":{\"@type\":\"PropertyValueSpecification\",\"valueRequired\":true,\"valueName\":\"search_term_string\"}}],\"inLanguage\":\"pt-BR\"},{\"@type\":\"Person\",\"@id\":\"https:\/\/sinepe-rs.org.br\/educacaoempauta\/#\/schema\/person\/abdb0e2f9fd598d948c507465a0fb114\",\"name\":\"admin\",\"image\":{\"@type\":\"ImageObject\",\"inLanguage\":\"pt-BR\",\"@id\":\"https:\/\/sinepe-rs.org.br\/educacaoempauta\/#\/schema\/person\/image\/\",\"url\":\"https:\/\/secure.gravatar.com\/avatar\/19e095e9181d747c467289c8900854f54710fbe263ca8977e02a7beec533d22c?s=96&d=mm&r=g\",\"contentUrl\":\"https:\/\/secure.gravatar.com\/avatar\/19e095e9181d747c467289c8900854f54710fbe263ca8977e02a7beec533d22c?s=96&d=mm&r=g\",\"caption\":\"admin\"},\"sameAs\":[\"https:\/\/sinepe-rs.org.br\/educacaoempauta\"],\"url\":\"https:\/\/sinepe-rs.org.br\/educacaoempauta\/author\/admin\/\"}]}<\/script>\n<!-- \/ Yoast SEO plugin. -->","yoast_head_json":{"title":"Educa\u00e7\u00e3o em tempos de elei\u00e7\u00e3o: o que estar\u00e1 em debate - Educa\u00e7\u00e3o em Pauta: Portal de reportagens de Educa\u00e7\u00e3o","robots":{"index":"index","follow":"follow","max-snippet":"max-snippet:-1","max-image-preview":"max-image-preview:large","max-video-preview":"max-video-preview:-1"},"canonical":"https:\/\/sinepe-rs.org.br\/educacaoempauta\/inspire-se\/educacao-em-tempos-de-eleicao-o-que-estara-em-debate\/","og_locale":"pt_BR","og_type":"article","og_title":"Educa\u00e7\u00e3o em tempos de elei\u00e7\u00e3o: o que estar\u00e1 em debate - Educa\u00e7\u00e3o em Pauta: Portal de reportagens de Educa\u00e7\u00e3o","og_description":"Especialistas preveem que pautas do Ensino Superior como cortes em pesquisa e redu\u00e7\u00e3o do financiamento estudantil ser\u00e3o temas centrais no pr\u00f3ximo pleito","og_url":"https:\/\/sinepe-rs.org.br\/educacaoempauta\/inspire-se\/educacao-em-tempos-de-eleicao-o-que-estara-em-debate\/","og_site_name":"Educa\u00e7\u00e3o em Pauta: Portal de reportagens de Educa\u00e7\u00e3o","article_published_time":"2022-03-30T10:00:00+00:00","article_modified_time":"2022-04-26T16:38:53+00:00","og_image":[{"width":2048,"height":1365,"url":"https:\/\/sinepe-rs.org.br\/educacaoempauta\/wp-content\/uploads\/2022\/03\/27-O-que-deve-pautar-a-campanha-foto-Antonio-Augusto-Ascom-TSE-1.jpg","type":"image\/jpeg"}],"author":"admin","twitter_card":"summary_large_image","twitter_misc":{"Escrito por":"admin","Est. tempo de leitura":"6 minutos"},"schema":{"@context":"https:\/\/schema.org","@graph":[{"@type":"WebPage","@id":"https:\/\/sinepe-rs.org.br\/educacaoempauta\/inspire-se\/educacao-em-tempos-de-eleicao-o-que-estara-em-debate\/","url":"https:\/\/sinepe-rs.org.br\/educacaoempauta\/inspire-se\/educacao-em-tempos-de-eleicao-o-que-estara-em-debate\/","name":"Educa\u00e7\u00e3o em tempos de elei\u00e7\u00e3o: o que estar\u00e1 em debate - Educa\u00e7\u00e3o em Pauta: Portal de reportagens de Educa\u00e7\u00e3o","isPartOf":{"@id":"https:\/\/sinepe-rs.org.br\/educacaoempauta\/#website"},"primaryImageOfPage":{"@id":"https:\/\/sinepe-rs.org.br\/educacaoempauta\/inspire-se\/educacao-em-tempos-de-eleicao-o-que-estara-em-debate\/#primaryimage"},"image":{"@id":"https:\/\/sinepe-rs.org.br\/educacaoempauta\/inspire-se\/educacao-em-tempos-de-eleicao-o-que-estara-em-debate\/#primaryimage"},"thumbnailUrl":"https:\/\/sinepe-rs.org.br\/educacaoempauta\/wp-content\/uploads\/2022\/03\/27-O-que-deve-pautar-a-campanha-foto-Antonio-Augusto-Ascom-TSE-1.jpg","datePublished":"2022-03-30T10:00:00+00:00","dateModified":"2022-04-26T16:38:53+00:00","author":{"@id":"https:\/\/sinepe-rs.org.br\/educacaoempauta\/#\/schema\/person\/abdb0e2f9fd598d948c507465a0fb114"},"breadcrumb":{"@id":"https:\/\/sinepe-rs.org.br\/educacaoempauta\/inspire-se\/educacao-em-tempos-de-eleicao-o-que-estara-em-debate\/#breadcrumb"},"inLanguage":"pt-BR","potentialAction":[{"@type":"ReadAction","target":["https:\/\/sinepe-rs.org.br\/educacaoempauta\/inspire-se\/educacao-em-tempos-de-eleicao-o-que-estara-em-debate\/"]}]},{"@type":"ImageObject","inLanguage":"pt-BR","@id":"https:\/\/sinepe-rs.org.br\/educacaoempauta\/inspire-se\/educacao-em-tempos-de-eleicao-o-que-estara-em-debate\/#primaryimage","url":"https:\/\/sinepe-rs.org.br\/educacaoempauta\/wp-content\/uploads\/2022\/03\/27-O-que-deve-pautar-a-campanha-foto-Antonio-Augusto-Ascom-TSE-1.jpg","contentUrl":"https:\/\/sinepe-rs.org.br\/educacaoempauta\/wp-content\/uploads\/2022\/03\/27-O-que-deve-pautar-a-campanha-foto-Antonio-Augusto-Ascom-TSE-1.jpg","width":2048,"height":1365},{"@type":"BreadcrumbList","@id":"https:\/\/sinepe-rs.org.br\/educacaoempauta\/inspire-se\/educacao-em-tempos-de-eleicao-o-que-estara-em-debate\/#breadcrumb","itemListElement":[{"@type":"ListItem","position":1,"name":"Home","item":"https:\/\/sinepe-rs.org.br\/educacaoempauta\/"},{"@type":"ListItem","position":2,"name":"Educa\u00e7\u00e3o em tempos de elei\u00e7\u00e3o: o que estar\u00e1 em debate"}]},{"@type":"WebSite","@id":"https:\/\/sinepe-rs.org.br\/educacaoempauta\/#website","url":"https:\/\/sinepe-rs.org.br\/educacaoempauta\/","name":"Educa\u00e7\u00e3o em Pauta: Portal de reportagens de Educa\u00e7\u00e3o","description":"Sinepe-RS","potentialAction":[{"@type":"SearchAction","target":{"@type":"EntryPoint","urlTemplate":"https:\/\/sinepe-rs.org.br\/educacaoempauta\/?s={search_term_string}"},"query-input":{"@type":"PropertyValueSpecification","valueRequired":true,"valueName":"search_term_string"}}],"inLanguage":"pt-BR"},{"@type":"Person","@id":"https:\/\/sinepe-rs.org.br\/educacaoempauta\/#\/schema\/person\/abdb0e2f9fd598d948c507465a0fb114","name":"admin","image":{"@type":"ImageObject","inLanguage":"pt-BR","@id":"https:\/\/sinepe-rs.org.br\/educacaoempauta\/#\/schema\/person\/image\/","url":"https:\/\/secure.gravatar.com\/avatar\/19e095e9181d747c467289c8900854f54710fbe263ca8977e02a7beec533d22c?s=96&d=mm&r=g","contentUrl":"https:\/\/secure.gravatar.com\/avatar\/19e095e9181d747c467289c8900854f54710fbe263ca8977e02a7beec533d22c?s=96&d=mm&r=g","caption":"admin"},"sameAs":["https:\/\/sinepe-rs.org.br\/educacaoempauta"],"url":"https:\/\/sinepe-rs.org.br\/educacaoempauta\/author\/admin\/"}]}},"_links":{"self":[{"href":"https:\/\/sinepe-rs.org.br\/educacaoempauta\/wp-json\/wp\/v2\/posts\/975","targetHints":{"allow":["GET"]}}],"collection":[{"href":"https:\/\/sinepe-rs.org.br\/educacaoempauta\/wp-json\/wp\/v2\/posts"}],"about":[{"href":"https:\/\/sinepe-rs.org.br\/educacaoempauta\/wp-json\/wp\/v2\/types\/post"}],"author":[{"embeddable":true,"href":"https:\/\/sinepe-rs.org.br\/educacaoempauta\/wp-json\/wp\/v2\/users\/1"}],"replies":[{"embeddable":true,"href":"https:\/\/sinepe-rs.org.br\/educacaoempauta\/wp-json\/wp\/v2\/comments?post=975"}],"version-history":[{"count":16,"href":"https:\/\/sinepe-rs.org.br\/educacaoempauta\/wp-json\/wp\/v2\/posts\/975\/revisions"}],"predecessor-version":[{"id":1145,"href":"https:\/\/sinepe-rs.org.br\/educacaoempauta\/wp-json\/wp\/v2\/posts\/975\/revisions\/1145"}],"wp:featuredmedia":[{"embeddable":true,"href":"https:\/\/sinepe-rs.org.br\/educacaoempauta\/wp-json\/wp\/v2\/media\/976"}],"wp:attachment":[{"href":"https:\/\/sinepe-rs.org.br\/educacaoempauta\/wp-json\/wp\/v2\/media?parent=975"}],"wp:term":[{"taxonomy":"category","embeddable":true,"href":"https:\/\/sinepe-rs.org.br\/educacaoempauta\/wp-json\/wp\/v2\/categories?post=975"},{"taxonomy":"post_tag","embeddable":true,"href":"https:\/\/sinepe-rs.org.br\/educacaoempauta\/wp-json\/wp\/v2\/tags?post=975"}],"curies":[{"name":"wp","href":"https:\/\/api.w.org\/{rel}","templated":true}]}}